[{"command":"invoke","selector":null,"method":"shopLightbox","args":[[{"alt":"LITER\u00c1RN\u00cd V\u00ddCHOVA k \u010c\u00edtance 8","uri":"https:\/\/alter.cz\/sites\/default\/files\/2020-04\/092941_LITERARNI_VYCHOVA_8_obalka_2018.jpg","title":"LITER\u00c1RN\u00cd V\u00ddCHOVA k \u010c\u00edtance 8","width":"573","height":"800"},{"alt":"N\u011bmecko \u2013 zimn\u00ed poh\u00e1dka (Heinrich Heine)","uri":"https:\/\/alter.cz\/sites\/default\/files\/2020-04\/092941_LITERARNI_VYCHOVA_8_str36_2018.jpg","title":"N\u011bmecko \u2013 zimn\u00ed poh\u00e1dka","width":"573","height":"800"},{"alt":"Mal\u00e1 kronika Anny Magdaleny Bachov\u00e9","uri":"https:\/\/alter.cz\/sites\/default\/files\/2020-04\/092941_LITERARNI_VYCHOVA_8_str37_2018.jpg","title":"Mal\u00e1 kronika Anny Magdaleny Bachov\u00e9","width":"573","height":"800"},{"alt":"Havran \u2013 Edgar Allan Poe","uri":"https:\/\/alter.cz\/sites\/default\/files\/2020-04\/092941_LITERARNI_VYCHOVA_8_str56_2018.jpg","title":"Havran \u2013 Edgar Allan Poe","width":"573","height":"800"},{"alt":"Poezie \u2013 z\u00e1sobn\u00edk informac\u00ed","uri":"https:\/\/alter.cz\/sites\/default\/files\/2020-04\/092941_LITERARNI_VYCHOVA_8_priloha_str1_2018.jpg","title":"P\u0159\u00edloha \u2013 poezie","width":"539","height":"800"},{"alt":"LITER\u00c1RN\u00cd V\u00ddCHOVA k \u010c\u00edtance 8","uri":"https:\/\/alter.cz\/sites\/default\/files\/2020-04\/092941_LITERARNI_VYCHOVA_8_tiraz_2018.jpg","title":"","width":"573","height":"800"}]]}]